
{"id":44530,"date":"2026-08-31T17:49:04","date_gmt":"2026-08-31T15:49:04","guid":{"rendered":"https:\/\/przedszkole4.edu.wroclaw.pl\/?p=44530"},"modified":"2026-08-31T17:49:04","modified_gmt":"2026-08-31T15:49:04","slug":"zebranie-z-rodzicami-2","status":"publish","type":"post","link":"https:\/\/przedszkole4.edu.wroclaw.pl\/index.php\/2026\/08\/31\/zebranie-z-rodzicami-2\/","title":{"rendered":"Zebranie z Rodzicami"},"content":{"rendered":"<div class=\"wpb-content-wrapper\"><p>[vc_row][vc_column][vc_column_text css=&#8221;&#8221;]ZAPRASZAMY WSZYSTKICH RODZIC\u00d3W NA ZEBRANIE ORGANIZACYJNE, KT\u00d3RE ODB\u0118DZIE SI\u0118 <span style=\"color: #ff0000\">09.09.2026 R. (\u015aRODA) O GODZ. 15.30<\/span> W NASZEJ SALI.[\/vc_column_text][\/vc_column][\/vc_row]<\/p>\n<\/div>","protected":false},"excerpt":{"rendered":"<p>[vc_row][vc_column][vc_column_text css=&#8221;&#8221;]ZAPRASZAMY WSZYSTKICH RODZIC\u00d3W NA ZEBRANIE ORGANIZACYJNE, KT\u00d3RE ODB\u0118DZIE SI\u0118 09.09.2026 R. (\u015aRODA) O GODZ. 15.30 W NASZEJ SALI.[\/vc_column_text][\/vc_column][\/vc_row]<\/p>\n","protected":false},"author":29,"featured_media":44527,"comment_status":"closed","ping_status":"open","sticky":false,"template":"","format":"standard","meta":{"footnotes":""},"categories":[47],"tags":[],"class_list":["post-44530","post","type-post","status-publish","format-standard","has-post-thumbnail","hentry","category-jezyki","clearfix"],"_links":{"self":[{"href":"https:\/\/przedszkole4.edu.wroclaw.pl\/index.php\/wp-json\/wp\/v2\/posts\/44530","targetHints":{"allow":["GET"]}}],"collection":[{"href":"https:\/\/przedszkole4.edu.wroclaw.pl\/index.php\/wp-json\/wp\/v2\/posts"}],"about":[{"href":"https:\/\/przedszkole4.edu.wroclaw.pl\/index.php\/wp-json\/wp\/v2\/types\/post"}],"author":[{"embeddable":true,"href":"https:\/\/przedszkole4.edu.wroclaw.pl\/index.php\/wp-json\/wp\/v2\/users\/29"}],"replies":[{"embeddable":true,"href":"https:\/\/przedszkole4.edu.wroclaw.pl\/index.php\/wp-json\/wp\/v2\/comments?post=44530"}],"version-history":[{"count":1,"href":"https:\/\/przedszkole4.edu.wroclaw.pl\/index.php\/wp-json\/wp\/v2\/posts\/44530\/revisions"}],"predecessor-version":[{"id":44531,"href":"https:\/\/przedszkole4.edu.wroclaw.pl\/index.php\/wp-json\/wp\/v2\/posts\/44530\/revisions\/44531"}],"wp:featuredmedia":[{"embeddable":true,"href":"https:\/\/przedszkole4.edu.wroclaw.pl\/index.php\/wp-json\/wp\/v2\/media\/44527"}],"wp:attachment":[{"href":"https:\/\/przedszkole4.edu.wroclaw.pl\/index.php\/wp-json\/wp\/v2\/media?parent=44530"}],"wp:term":[{"taxonomy":"category","embeddable":true,"href":"https:\/\/przedszkole4.edu.wroclaw.pl\/index.php\/wp-json\/wp\/v2\/categories?post=44530"},{"taxonomy":"post_tag","embeddable":true,"href":"https:\/\/przedszkole4.edu.wroclaw.pl\/index.php\/wp-json\/wp\/v2\/tags?post=44530"}],"curies":[{"name":"wp","href":"https:\/\/api.w.org\/{rel}","templated":true}]}}