
{"id":43893,"date":"2026-04-29T17:55:27","date_gmt":"2026-04-29T15:55:27","guid":{"rendered":"https:\/\/przedszkole4.edu.wroclaw.pl\/?p=43893"},"modified":"2026-04-29T17:57:01","modified_gmt":"2026-04-29T15:57:01","slug":"wycieczka","status":"publish","type":"post","link":"https:\/\/przedszkole4.edu.wroclaw.pl\/index.php\/2026\/04\/29\/wycieczka\/","title":{"rendered":"WYCIECZKA"},"content":{"rendered":"<div class=\"wpb-content-wrapper\"><p>[vc_row][vc_column][vc_column_text css=&#8221;&#8221;]<\/p>\n<div dir=\"auto\" data-olk-copy-source=\"MessageBody\">Drodzy Rodzice,<\/div>\n<div dir=\"auto\"><span style=\"color: #ff0000\">15 maja<\/span> Pszcz\u00f3\u0142ki wybieraj\u0105 si\u0119 na wycieczk\u0119 autokarow\u0105 do gospodarstwa agroturystycznego w Kruczynie ko\u0142o P\u0119gowa.<\/div>\n<div dir=\"auto\">W tym dniu przyprowadzamy dzieci najp\u00f3\u017aniej do godz. 8.15<\/div>\n<div dir=\"auto\">\u015aniadanie &#8211; 8.15.\u00a0Wyjazd- 9.00.\u00a0Powr\u00f3t &#8211; 13.30.\u00a0Obiad jemy w przedszkolu.<\/div>\n<div dir=\"auto\">Prosimy, by dzieci mia\u0142y ze sob\u0105 ma\u0142e plecaczki, do kt\u00f3rych pakujemy: majteczki, spodenki,skarpetki koszulk\u0119 na zmian\u0119- ciasno zwini\u0119te, drobne przek\u0105ski (ciastka, wafelki BEZ CZEKOLADY, chrupki kukurydziane itp.- w ma\u0142ych ilo\u015bciach).<\/div>\n<div dir=\"auto\">Nie dajemy kabanos\u00f3w,chips\u00f3w, drops\u00f3w, \u017celk\u00f3w, twardych cukierk\u00f3w, winogron, bor\u00f3wek.<\/div>\n<div dir=\"auto\">Podczas wycieczki dzieci maj\u0105 zapewnione drugie \u015bniadanie.<\/div>\n<div dir=\"auto\">Prosimy ubra\u0107 dzieci &#8222;na cebulk\u0119&#8221; &#8211; czapka, d\u0142ugie spodnie, kryte buty.<\/div>\n<p>[\/vc_column_text][\/vc_column][\/vc_row]<\/p>\n<\/div>","protected":false},"excerpt":{"rendered":"<p>[vc_row][vc_column][vc_column_text css=&#8221;&#8221;] Drodzy Rodzice, 15 maja Pszcz\u00f3\u0142ki wybieraj\u0105 si\u0119 na wycieczk\u0119 autokarow\u0105 do gospodarstwa agroturystycznego w Kruczynie ko\u0142o P\u0119gowa. W tym dniu przyprowadzamy dzieci najp\u00f3\u017aniej do godz. 8.15 \u015aniadanie &#8211; [&hellip;]<\/p>\n","protected":false},"author":29,"featured_media":43892,"comment_status":"closed","ping_status":"open","sticky":false,"template":"","format":"standard","meta":{"footnotes":""},"categories":[40],"tags":[],"class_list":["post-43893","post","type-post","status-publish","format-standard","has-post-thumbnail","hentry","category-pszczolki","clearfix"],"_links":{"self":[{"href":"https:\/\/przedszkole4.edu.wroclaw.pl\/index.php\/wp-json\/wp\/v2\/posts\/43893","targetHints":{"allow":["GET"]}}],"collection":[{"href":"https:\/\/przedszkole4.edu.wroclaw.pl\/index.php\/wp-json\/wp\/v2\/posts"}],"about":[{"href":"https:\/\/przedszkole4.edu.wroclaw.pl\/index.php\/wp-json\/wp\/v2\/types\/post"}],"author":[{"embeddable":true,"href":"https:\/\/przedszkole4.edu.wroclaw.pl\/index.php\/wp-json\/wp\/v2\/users\/29"}],"replies":[{"embeddable":true,"href":"https:\/\/przedszkole4.edu.wroclaw.pl\/index.php\/wp-json\/wp\/v2\/comments?post=43893"}],"version-history":[{"count":1,"href":"https:\/\/przedszkole4.edu.wroclaw.pl\/index.php\/wp-json\/wp\/v2\/posts\/43893\/revisions"}],"predecessor-version":[{"id":43894,"href":"https:\/\/przedszkole4.edu.wroclaw.pl\/index.php\/wp-json\/wp\/v2\/posts\/43893\/revisions\/43894"}],"wp:featuredmedia":[{"embeddable":true,"href":"https:\/\/przedszkole4.edu.wroclaw.pl\/index.php\/wp-json\/wp\/v2\/media\/43892"}],"wp:attachment":[{"href":"https:\/\/przedszkole4.edu.wroclaw.pl\/index.php\/wp-json\/wp\/v2\/media?parent=43893"}],"wp:term":[{"taxonomy":"category","embeddable":true,"href":"https:\/\/przedszkole4.edu.wroclaw.pl\/index.php\/wp-json\/wp\/v2\/categories?post=43893"},{"taxonomy":"post_tag","embeddable":true,"href":"https:\/\/przedszkole4.edu.wroclaw.pl\/index.php\/wp-json\/wp\/v2\/tags?post=43893"}],"curies":[{"name":"wp","href":"https:\/\/api.w.org\/{rel}","templated":true}]}}