
{"id":43868,"date":"2026-04-28T18:51:58","date_gmt":"2026-04-28T16:51:58","guid":{"rendered":"https:\/\/przedszkole4.edu.wroclaw.pl\/?p=43868"},"modified":"2026-04-28T18:58:20","modified_gmt":"2026-04-28T16:58:20","slug":"zaproszenie-dzien-mamy-i-taty","status":"publish","type":"post","link":"https:\/\/przedszkole4.edu.wroclaw.pl\/index.php\/2026\/04\/28\/zaproszenie-dzien-mamy-i-taty\/","title":{"rendered":"ZAPROSZENIE &#8211; DZIE\u0143 MAMY I TATY"},"content":{"rendered":"<div class=\"wpb-content-wrapper\"><p>[vc_row][vc_column][vc_column_text css=&#8221;&#8221;]<strong>ZAPRASZAMY RODZIC\u00d3W PSZCZ\u00d3\u0141EK NA UROCZYSTO\u015a\u0106 PRZYGOTOWAN\u0104 Z OKAZJI DNIA MAMY I TATY, KT\u00d3RA ODB\u0118DZIE SI\u0118 <span style=\"color: #ff0000\">26 MAJA O GODZ. 14.00.\u00a0<\/span><\/strong><\/p>\n<p><strong>PROSIMY O OD\u015aWI\u0118TNY UBI\u00d3R DZIECI W TYM DNIU!<\/strong>[\/vc_column_text][\/vc_column][\/vc_row]<\/p>\n<\/div>","protected":false},"excerpt":{"rendered":"<p>[vc_row][vc_column][vc_column_text css=&#8221;&#8221;]ZAPRASZAMY RODZIC\u00d3W PSZCZ\u00d3\u0141EK NA UROCZYSTO\u015a\u0106 PRZYGOTOWAN\u0104 Z OKAZJI DNIA MAMY I TATY, KT\u00d3RA ODB\u0118DZIE SI\u0118 26 MAJA O GODZ. 14.00.\u00a0 PROSIMY O OD\u015aWI\u0118TNY UBI\u00d3R DZIECI W TYM DNIU![\/vc_column_text][\/vc_column][\/vc_row]<\/p>\n","protected":false},"author":29,"featured_media":43867,"comment_status":"closed","ping_status":"open","sticky":false,"template":"","format":"standard","meta":{"footnotes":""},"categories":[40],"tags":[],"class_list":["post-43868","post","type-post","status-publish","format-standard","has-post-thumbnail","hentry","category-pszczolki","clearfix"],"_links":{"self":[{"href":"https:\/\/przedszkole4.edu.wroclaw.pl\/index.php\/wp-json\/wp\/v2\/posts\/43868","targetHints":{"allow":["GET"]}}],"collection":[{"href":"https:\/\/przedszkole4.edu.wroclaw.pl\/index.php\/wp-json\/wp\/v2\/posts"}],"about":[{"href":"https:\/\/przedszkole4.edu.wroclaw.pl\/index.php\/wp-json\/wp\/v2\/types\/post"}],"author":[{"embeddable":true,"href":"https:\/\/przedszkole4.edu.wroclaw.pl\/index.php\/wp-json\/wp\/v2\/users\/29"}],"replies":[{"embeddable":true,"href":"https:\/\/przedszkole4.edu.wroclaw.pl\/index.php\/wp-json\/wp\/v2\/comments?post=43868"}],"version-history":[{"count":2,"href":"https:\/\/przedszkole4.edu.wroclaw.pl\/index.php\/wp-json\/wp\/v2\/posts\/43868\/revisions"}],"predecessor-version":[{"id":43872,"href":"https:\/\/przedszkole4.edu.wroclaw.pl\/index.php\/wp-json\/wp\/v2\/posts\/43868\/revisions\/43872"}],"wp:featuredmedia":[{"embeddable":true,"href":"https:\/\/przedszkole4.edu.wroclaw.pl\/index.php\/wp-json\/wp\/v2\/media\/43867"}],"wp:attachment":[{"href":"https:\/\/przedszkole4.edu.wroclaw.pl\/index.php\/wp-json\/wp\/v2\/media?parent=43868"}],"wp:term":[{"taxonomy":"category","embeddable":true,"href":"https:\/\/przedszkole4.edu.wroclaw.pl\/index.php\/wp-json\/wp\/v2\/categories?post=43868"},{"taxonomy":"post_tag","embeddable":true,"href":"https:\/\/przedszkole4.edu.wroclaw.pl\/index.php\/wp-json\/wp\/v2\/tags?post=43868"}],"curies":[{"name":"wp","href":"https:\/\/api.w.org\/{rel}","templated":true}]}}