
{"id":43271,"date":"2026-03-11T19:43:48","date_gmt":"2026-03-11T18:43:48","guid":{"rendered":"https:\/\/przedszkole4.edu.wroclaw.pl\/?p=43271"},"modified":"2026-03-13T07:23:55","modified_gmt":"2026-03-13T06:23:55","slug":"20-marca-witamy-wiosne","status":"publish","type":"post","link":"https:\/\/przedszkole4.edu.wroclaw.pl\/index.php\/2026\/03\/11\/20-marca-witamy-wiosne\/","title":{"rendered":"20 MARCA WITAMY WIOSN\u0118!"},"content":{"rendered":"<div class=\"wpb-content-wrapper\"><p>[vc_row][vc_column][vc_column_text css=&#8221;&#8221;]<\/p>\n<div dir=\"auto\" style=\"text-align: center\" data-olk-copy-source=\"MessageBody\"><strong><span style=\"color: #00ff00\">&#x1f338; Dzie\u0144 Wiosny w Przedszkolu S\u0142owiczy Zak\u0105tek! &#x1f338;<\/span><\/strong><\/div>\n<div dir=\"auto\" style=\"text-align: center\"><\/div>\n<div dir=\"auto\" style=\"text-align: center\"><span style=\"color: #ff6600\"><strong>20 marca (pi\u0105tek) zapraszamy dzieci do wsp\u00f3lnego \u015bwi\u0119towania! &#x1f33c;<\/strong><\/span><\/div>\n<div dir=\"auto\" style=\"text-align: center\"><strong>Czeka na nas kr\u00f3tkie przedstawienie przygotowane przez dzieci z grupy Je\u017cyki, pokaz mody oraz wiosenny bal pe\u0142en muzyki, ta\u0144ca i dobrej zabawy!<span style=\"color: #ff00ff\">\u00a0<\/span><\/strong><\/div>\n<div dir=\"auto\" style=\"text-align: center\"><\/div>\n<div dir=\"auto\" style=\"text-align: center\"><span style=\"color: #000000\"><strong>Podczas pokazu dzieci zaprezentuj\u0105 si\u0119 w radosnych, kolorowych strojach, pe\u0142nych energii i u\u015bmiechu!\u00a0<\/strong><\/span><\/div>\n<div dir=\"auto\" style=\"text-align: center\"><\/div>\n<div dir=\"auto\" style=\"text-align: center\"><strong>\u00a0<span style=\"color: #ff0000\">Prosimy, aby tego dnia dzieci ubra\u0142y si\u0119 w \u017cywe, radosne kolory<\/span> \u2013 <span style=\"color: #ff00ff\">niech b\u0119dzie kolorowo i weso\u0142o!<\/span> <span style=\"color: #ffff00\"><span style=\"color: #3366ff\">&#x1f49b;<\/span>&#x1f49a;<span style=\"color: #ff0000\">&#x1f499;<\/span><\/span><\/strong><\/div>\n<div dir=\"auto\" style=\"text-align: center\"><\/div>\n<div dir=\"auto\"><\/div>\n<div dir=\"auto\" style=\"text-align: center\">#Dzie\u0144Wiosny #PrzedszkoleS\u0142owiczyZak\u0105tek #KolorowaModa #nigdynudy<\/div>\n<p>[\/vc_column_text][\/vc_column][\/vc_row]<\/p>\n<\/div>","protected":false},"excerpt":{"rendered":"<p>[vc_row][vc_column][vc_column_text css=&#8221;&#8221;] &#x1f338; Dzie\u0144 Wiosny w Przedszkolu S\u0142owiczy Zak\u0105tek! &#x1f338; 20 marca (pi\u0105tek) zapraszamy dzieci do wsp\u00f3lnego \u015bwi\u0119towania! &#x1f33c; Czeka na nas kr\u00f3tkie przedstawienie przygotowane przez dzieci z grupy Je\u017cyki, [&hellip;]<\/p>\n","protected":false},"author":29,"featured_media":43274,"comment_status":"closed","ping_status":"open","sticky":false,"template":"","format":"standard","meta":{"footnotes":""},"categories":[2,3,47,5,43,40,42,41],"tags":[],"class_list":["post-43271","post","type-post","status-publish","format-standard","has-post-thumbnail","hentry","category-aktualnosci","category-biedronki","category-jezyki","category-misie","category-motylki","category-pszczolki","category-wiewiorki","category-zabki","clearfix"],"_links":{"self":[{"href":"https:\/\/przedszkole4.edu.wroclaw.pl\/index.php\/wp-json\/wp\/v2\/posts\/43271","targetHints":{"allow":["GET"]}}],"collection":[{"href":"https:\/\/przedszkole4.edu.wroclaw.pl\/index.php\/wp-json\/wp\/v2\/posts"}],"about":[{"href":"https:\/\/przedszkole4.edu.wroclaw.pl\/index.php\/wp-json\/wp\/v2\/types\/post"}],"author":[{"embeddable":true,"href":"https:\/\/przedszkole4.edu.wroclaw.pl\/index.php\/wp-json\/wp\/v2\/users\/29"}],"replies":[{"embeddable":true,"href":"https:\/\/przedszkole4.edu.wroclaw.pl\/index.php\/wp-json\/wp\/v2\/comments?post=43271"}],"version-history":[{"count":3,"href":"https:\/\/przedszkole4.edu.wroclaw.pl\/index.php\/wp-json\/wp\/v2\/posts\/43271\/revisions"}],"predecessor-version":[{"id":43299,"href":"https:\/\/przedszkole4.edu.wroclaw.pl\/index.php\/wp-json\/wp\/v2\/posts\/43271\/revisions\/43299"}],"wp:featuredmedia":[{"embeddable":true,"href":"https:\/\/przedszkole4.edu.wroclaw.pl\/index.php\/wp-json\/wp\/v2\/media\/43274"}],"wp:attachment":[{"href":"https:\/\/przedszkole4.edu.wroclaw.pl\/index.php\/wp-json\/wp\/v2\/media?parent=43271"}],"wp:term":[{"taxonomy":"category","embeddable":true,"href":"https:\/\/przedszkole4.edu.wroclaw.pl\/index.php\/wp-json\/wp\/v2\/categories?post=43271"},{"taxonomy":"post_tag","embeddable":true,"href":"https:\/\/przedszkole4.edu.wroclaw.pl\/index.php\/wp-json\/wp\/v2\/tags?post=43271"}],"curies":[{"name":"wp","href":"https:\/\/api.w.org\/{rel}","templated":true}]}}