
{"id":42761,"date":"2026-01-28T11:42:15","date_gmt":"2026-01-28T10:42:15","guid":{"rendered":"https:\/\/przedszkole4.edu.wroclaw.pl\/?p=42761"},"modified":"2026-01-28T11:45:37","modified_gmt":"2026-01-28T10:45:37","slug":"mamy-powod-do-dumy","status":"publish","type":"post","link":"https:\/\/przedszkole4.edu.wroclaw.pl\/index.php\/2026\/01\/28\/mamy-powod-do-dumy\/","title":{"rendered":"Mamy pow\u00f3d do dumy!"},"content":{"rendered":"<div class=\"wpb-content-wrapper\"><p>[vc_row][vc_column][vc_column_text css=&#8221;&#8221;]Z rado\u015bci\u0105 informujemy, \u017ce nasze przedszkole zdoby\u0142o dwa certyfikaty: <span style=\"color: #00ff00\"><strong>ZDROWEGO I RACJONALNEGO \u017bYWIENIA<\/strong><\/span> oraz <span style=\"color: #ff6600\"><strong>PROMOWANIA AKTYWNO\u015aCI FIZYCZNEJ.<\/strong><\/span><\/p>\n<p>To potwierdzenie, \u017ce ka\u017cdego dnia dbamy o zdrowe nawyki naszych przedszkolak\u00f3w &#8211; uczymy dobrego od\u017cywiania, ruchu i rado\u015bci z aktywnego sp\u0119dzania czasu:)<\/p>\n<p>Dzi\u0119kujemy ca\u0142emu zespo\u0142owi oraz rodzicom za wsp\u00f3\u0142prac\u0119 i wspieranie zdrowego stylu \u017cycia dzieci:)<\/p>\n<p>#ZdrowePrzedszkole<\/p>\n<p>#ZdroweNawyki #AktywneDzieci<\/p>\n<p>#Certyfikat #RuchToZdrowie<\/p>\n<p><a href=\"https:\/\/przedszkole4.edu.wroclaw.pl\/wp-content\/uploads\/sites\/11\/2026\/01\/IMG-20260127-WA0013.jpg\"><img loading=\"lazy\" decoding=\"async\" class=\"alignnone size-medium wp-image-42755\" src=\"https:\/\/przedszkole4.edu.wroclaw.pl\/wp-content\/uploads\/sites\/11\/2026\/01\/IMG-20260127-WA0013-225x300.jpg\" alt=\"\" width=\"225\" height=\"300\" srcset=\"https:\/\/przedszkole4.edu.wroclaw.pl\/wp-content\/uploads\/sites\/11\/2026\/01\/IMG-20260127-WA0013-225x300.jpg 225w, https:\/\/przedszkole4.edu.wroclaw.pl\/wp-content\/uploads\/sites\/11\/2026\/01\/IMG-20260127-WA0013-768x1024.jpg 768w, https:\/\/przedszkole4.edu.wroclaw.pl\/wp-content\/uploads\/sites\/11\/2026\/01\/IMG-20260127-WA0013-1152x1536.jpg 1152w, https:\/\/przedszkole4.edu.wroclaw.pl\/wp-content\/uploads\/sites\/11\/2026\/01\/IMG-20260127-WA0013.jpg 1200w\" sizes=\"auto, (max-width: 225px) 100vw, 225px\" \/><\/a><a href=\"https:\/\/przedszkole4.edu.wroclaw.pl\/wp-content\/uploads\/sites\/11\/2026\/01\/IMG-20260127-WA0012.jpg\"><img loading=\"lazy\" decoding=\"async\" class=\"alignnone size-medium wp-image-42754\" src=\"https:\/\/przedszkole4.edu.wroclaw.pl\/wp-content\/uploads\/sites\/11\/2026\/01\/IMG-20260127-WA0012-225x300.jpg\" alt=\"\" width=\"225\" height=\"300\" srcset=\"https:\/\/przedszkole4.edu.wroclaw.pl\/wp-content\/uploads\/sites\/11\/2026\/01\/IMG-20260127-WA0012-225x300.jpg 225w, https:\/\/przedszkole4.edu.wroclaw.pl\/wp-content\/uploads\/sites\/11\/2026\/01\/IMG-20260127-WA0012-768x1024.jpg 768w, https:\/\/przedszkole4.edu.wroclaw.pl\/wp-content\/uploads\/sites\/11\/2026\/01\/IMG-20260127-WA0012-1152x1536.jpg 1152w, https:\/\/przedszkole4.edu.wroclaw.pl\/wp-content\/uploads\/sites\/11\/2026\/01\/IMG-20260127-WA0012.jpg 1200w\" sizes=\"auto, (max-width: 225px) 100vw, 225px\" \/><\/a>[\/vc_column_text][\/vc_column][\/vc_row]<\/p>\n<\/div>","protected":false},"excerpt":{"rendered":"<p>[vc_row][vc_column][vc_column_text css=&#8221;&#8221;]Z rado\u015bci\u0105 informujemy, \u017ce nasze przedszkole zdoby\u0142o dwa certyfikaty: ZDROWEGO I RACJONALNEGO \u017bYWIENIA oraz PROMOWANIA AKTYWNO\u015aCI FIZYCZNEJ. To potwierdzenie, \u017ce ka\u017cdego dnia dbamy o zdrowe nawyki naszych przedszkolak\u00f3w &#8211; [&hellip;]<\/p>\n","protected":false},"author":29,"featured_media":42759,"comment_status":"closed","ping_status":"open","sticky":false,"template":"","format":"standard","meta":{"footnotes":""},"categories":[2,3,47,5,43,40,42,41,45],"tags":[],"class_list":["post-42761","post","type-post","status-publish","format-standard","has-post-thumbnail","hentry","category-aktualnosci","category-biedronki","category-jezyki","category-misie","category-motylki","category-pszczolki","category-wiewiorki","category-zabki","category-zajaczki","clearfix"],"_links":{"self":[{"href":"https:\/\/przedszkole4.edu.wroclaw.pl\/index.php\/wp-json\/wp\/v2\/posts\/42761","targetHints":{"allow":["GET"]}}],"collection":[{"href":"https:\/\/przedszkole4.edu.wroclaw.pl\/index.php\/wp-json\/wp\/v2\/posts"}],"about":[{"href":"https:\/\/przedszkole4.edu.wroclaw.pl\/index.php\/wp-json\/wp\/v2\/types\/post"}],"author":[{"embeddable":true,"href":"https:\/\/przedszkole4.edu.wroclaw.pl\/index.php\/wp-json\/wp\/v2\/users\/29"}],"replies":[{"embeddable":true,"href":"https:\/\/przedszkole4.edu.wroclaw.pl\/index.php\/wp-json\/wp\/v2\/comments?post=42761"}],"version-history":[{"count":4,"href":"https:\/\/przedszkole4.edu.wroclaw.pl\/index.php\/wp-json\/wp\/v2\/posts\/42761\/revisions"}],"predecessor-version":[{"id":42765,"href":"https:\/\/przedszkole4.edu.wroclaw.pl\/index.php\/wp-json\/wp\/v2\/posts\/42761\/revisions\/42765"}],"wp:featuredmedia":[{"embeddable":true,"href":"https:\/\/przedszkole4.edu.wroclaw.pl\/index.php\/wp-json\/wp\/v2\/media\/42759"}],"wp:attachment":[{"href":"https:\/\/przedszkole4.edu.wroclaw.pl\/index.php\/wp-json\/wp\/v2\/media?parent=42761"}],"wp:term":[{"taxonomy":"category","embeddable":true,"href":"https:\/\/przedszkole4.edu.wroclaw.pl\/index.php\/wp-json\/wp\/v2\/categories?post=42761"},{"taxonomy":"post_tag","embeddable":true,"href":"https:\/\/przedszkole4.edu.wroclaw.pl\/index.php\/wp-json\/wp\/v2\/tags?post=42761"}],"curies":[{"name":"wp","href":"https:\/\/api.w.org\/{rel}","templated":true}]}}