
{"id":42704,"date":"2026-01-23T17:39:31","date_gmt":"2026-01-23T16:39:31","guid":{"rendered":"https:\/\/przedszkole4.edu.wroclaw.pl\/?p=42704"},"modified":"2026-01-23T17:40:37","modified_gmt":"2026-01-23T16:40:37","slug":"wellbefi-live-sesja-dla-rodzicow-przedszkolakow-we-wtorek-27-01","status":"publish","type":"post","link":"https:\/\/przedszkole4.edu.wroclaw.pl\/index.php\/2026\/01\/23\/wellbefi-live-sesja-dla-rodzicow-przedszkolakow-we-wtorek-27-01\/","title":{"rendered":"Wellbefi &#8211; Live Sesja dla rodzic\u00f3w przedszkolak\u00f3w we wtorek, 27.01"},"content":{"rendered":"<div class=\"wpb-content-wrapper\"><p>[vc_row][vc_column][vc_column_text css=&#8221;&#8221;]<\/p>\n<div data-olk-copy-source=\"MessageBody\">Szanowni Pa\u0144stwo,<\/div>\n<div>we wtorek odb\u0119dzie si\u0119 kolejna Live Sesja w ramach projektu Wellbefi Zdalny Psycholog. Tym razem porozmawiamy o wynikach bada\u0144 realizowanych w ramach projektu Brzd\u0105c 3.0. Zach\u0119camy do udzia\u0142u!<\/div>\n<div><\/div>\n<div>&#8222;<i>Zastanawiasz si\u0119, jaki wp\u0142yw na dzieci w wieku przedszkolnym maj\u0105 ekrany oraz Internet? Mamy wyniki najnowszych bada\u0144! Zapraszamy serdecznie rodzic\u00f3w oraz wychowawc\u00f3w na Live Sesj\u0119 w ramach projektu Wellbefi, podczas kt\u00f3rej om\u00f3wimy badania realizowane w ramach projektu Brzd\u0105c 3.0.<\/i><\/div>\n<div><i>\u00a0<\/i><\/div>\n<div><i>Data i temat spotkania:<\/i><\/div>\n<div><b><i>Wtorek, 27.01 godz. 17.00 &#8211; Brzd\u0105c 3.0, czyli o wprowadzaniu przedszkolak\u00f3w w \u015bwiat monitor\u00f3w ekranowych i Internetu.\u00a0<\/i><\/b><i>Jak korzystanie z ekran\u00f3w wp\u0142ywa na rozw\u00f3j poznawczy, emocjonalny i spo\u0142eczny dzieci. Porozmawiamy o wnioskach z bada\u0144, zagro\u017ceniach i czynnikach chroni\u0105cych.<\/i><\/div>\n<div><i>\u00a0<\/i><\/div>\n<div><i>Bajka na dobranoc? \u015awietny pomys\u0142!\u00a0<\/i><b><i>Codziennie (pon.-pt.) o godz. 13.00 (dla dzieci, kt\u00f3re zosta\u0142y w domu) i o 19.00\u00a0<\/i><\/b><i>nasi psycholodzy czytaj\u0105 na \u017cywo Bajki Terapeutyczne, kt\u00f3re pomagaj\u0105 dzieciom oswaja\u0107 r\u00f3\u017cne emocje i codzienne sytuacje przez ciekawe, m\u0105dre i opowie\u015bci.<\/i><\/div>\n<div aria-hidden=\"true\"><\/div>\n<div><i>Jak do\u0142\u0105czy\u0107 do sesji lub pos\u0142ucha\u0107 bajki? Wystarczy o wskazanej godzinie klikn\u0105\u0107 wid\u017cet projektu Wellbefi Zdalny Psycholog na stronie internetowej przedszkola. Zach\u0119camy do udzia\u0142u!<\/i><\/div>\n<div><i>\u00a0<\/i><\/div>\n<div><b>\u0141\u0105cz\u0119 pozdrowienia \/ Best Regards<\/b><\/div>\n<div id=\"x_Signature\">\n<p><b>Ewa Wiedemann<\/b><\/p>\n<p>Specjalista ds. komunikacji<\/p>\n<p>&nbsp;<\/p>\n<\/div>\n<p>[\/vc_column_text][\/vc_column][\/vc_row]<\/p>\n<\/div>","protected":false},"excerpt":{"rendered":"<p>[vc_row][vc_column][vc_column_text css=&#8221;&#8221;] Szanowni Pa\u0144stwo, we wtorek odb\u0119dzie si\u0119 kolejna Live Sesja w ramach projektu Wellbefi Zdalny Psycholog. Tym razem porozmawiamy o wynikach bada\u0144 realizowanych w ramach projektu Brzd\u0105c 3.0. Zach\u0119camy [&hellip;]<\/p>\n","protected":false},"author":29,"featured_media":41992,"comment_status":"closed","ping_status":"open","sticky":false,"template":"","format":"standard","meta":{"footnotes":""},"categories":[2,3,47,5,43,40,42,41,45],"tags":[],"class_list":["post-42704","post","type-post","status-publish","format-standard","has-post-thumbnail","hentry","category-aktualnosci","category-biedronki","category-jezyki","category-misie","category-motylki","category-pszczolki","category-wiewiorki","category-zabki","category-zajaczki","clearfix"],"_links":{"self":[{"href":"https:\/\/przedszkole4.edu.wroclaw.pl\/index.php\/wp-json\/wp\/v2\/posts\/42704","targetHints":{"allow":["GET"]}}],"collection":[{"href":"https:\/\/przedszkole4.edu.wroclaw.pl\/index.php\/wp-json\/wp\/v2\/posts"}],"about":[{"href":"https:\/\/przedszkole4.edu.wroclaw.pl\/index.php\/wp-json\/wp\/v2\/types\/post"}],"author":[{"embeddable":true,"href":"https:\/\/przedszkole4.edu.wroclaw.pl\/index.php\/wp-json\/wp\/v2\/users\/29"}],"replies":[{"embeddable":true,"href":"https:\/\/przedszkole4.edu.wroclaw.pl\/index.php\/wp-json\/wp\/v2\/comments?post=42704"}],"version-history":[{"count":1,"href":"https:\/\/przedszkole4.edu.wroclaw.pl\/index.php\/wp-json\/wp\/v2\/posts\/42704\/revisions"}],"predecessor-version":[{"id":42705,"href":"https:\/\/przedszkole4.edu.wroclaw.pl\/index.php\/wp-json\/wp\/v2\/posts\/42704\/revisions\/42705"}],"wp:featuredmedia":[{"embeddable":true,"href":"https:\/\/przedszkole4.edu.wroclaw.pl\/index.php\/wp-json\/wp\/v2\/media\/41992"}],"wp:attachment":[{"href":"https:\/\/przedszkole4.edu.wroclaw.pl\/index.php\/wp-json\/wp\/v2\/media?parent=42704"}],"wp:term":[{"taxonomy":"category","embeddable":true,"href":"https:\/\/przedszkole4.edu.wroclaw.pl\/index.php\/wp-json\/wp\/v2\/categories?post=42704"},{"taxonomy":"post_tag","embeddable":true,"href":"https:\/\/przedszkole4.edu.wroclaw.pl\/index.php\/wp-json\/wp\/v2\/tags?post=42704"}],"curies":[{"name":"wp","href":"https:\/\/api.w.org\/{rel}","templated":true}]}}