
{"id":42099,"date":"2025-11-30T19:53:36","date_gmt":"2025-11-30T18:53:36","guid":{"rendered":"https:\/\/przedszkole4.edu.wroclaw.pl\/?p=42099"},"modified":"2025-12-29T12:30:42","modified_gmt":"2025-12-29T11:30:42","slug":"42099","status":"publish","type":"post","link":"https:\/\/przedszkole4.edu.wroclaw.pl\/index.php\/2025\/11\/30\/42099\/","title":{"rendered":"Zdalny psycholog ,,Ma\u0142e r\u0105czki, wielkie mo\u017cliwo\u015bci &#8211; rozw\u00f3j psychomotoryczny przedszkolaka&#8221;"},"content":{"rendered":"<div class=\"wpb-content-wrapper\"><p>[vc_row][vc_column][vc_column_text css=&#8221;&#8221;]<\/p>\n<div data-olk-copy-source=\"MessageBody\">\u00a0<i>&#8222;Przedszkolak ma moc! Jakie tak naprawd\u0119 mo\u017cliwo\u015bci drzemi\u0105 w maluchu oraz w jaki spos\u00f3b wspiera\u0107 jego rozw\u00f3j psychomotoryczny, dowiemy si\u0119 podczas Live Sesji dla rodzic\u00f3w przedszkolak\u00f3w w ramach projektu Wellbefi. Spotykamy si\u0119 ju\u017c we wtorek, sesj\u0119 poprowadzi psycholog z Fundacji Wsp\u00f3lnie dla Sprawy. Zapraszamy rodzic\u00f3w oraz wychowawc\u00f3w!<\/i><\/div>\n<div><i>\u00a0<\/i><\/div>\n<div><i>Temat spotkania:<\/i><\/div>\n<ul>\n<li>\n<div><b><i>Wtorek, 2.12, godz. 17.00 &#8211; Ma\u0142e r\u0105czki, wielkie mo\u017cliwo\u015bci \u2013 rozw\u00f3j psychomotoryczny przedszkolaka.<\/i><\/b><i>\u00a0Jak codzienna aktywno\u015b\u0107 fizyczna i manualna wspiera rozw\u00f3j uk\u0142adu nerwowego dziecka.<\/i><\/div>\n<div><\/div>\n<\/li>\n<\/ul>\n<div><b><i>Uwaga! Go\u015b\u0107 specjalny!<\/i><\/b><\/div>\n<ul>\n<li>\n<div><i>Wtorek 2.12, godz. 18.00,\u00a0<\/i><b><i>wyj\u0105tkowa Live Sesja z biologiem i neurodydaktykiem prof. Markiem Kaczmarzykiem.\u00a0<\/i><\/b><i>B\u0119dziemy rozmawia\u0107 o tym, jak rozwija si\u0119 m\u0142ody m\u00f3zg i w jaki spos\u00f3b zmiany te wp\u0142ywaj\u0105 na emocje, pami\u0119\u0107 i zachowanie.<\/i><\/div>\n<\/li>\n<\/ul>\n<div><i>Jak do\u0142\u0105czy\u0107 do wybranej sesji? To proste! Wystarczy o wskazanej godzinie klikn\u0105\u0107 wid\u017cet projektu Wellbefi Zdalny Psycholog na stronie przedszkola. Zach\u0119camy do udzia\u0142u rodzic\u00f3w i wychowawc\u00f3w!<\/i><\/div>\n<div><i>Wi\u0119cej na fanpage Wellbefi Zdalny Psycholog na Facebooku.<\/i><\/div>\n<div><i>\u00a0<\/i><\/div>\n<div><i>&#8212;&#8212;&#8212;&#8212;&#8212;&#8212;&#8212;&#8212;&#8212;&#8212;&#8212;&#8212;<\/i><\/div>\n<div><i>\u00a0<\/i><\/div>\n<div><i>Fundacja Wsp\u00f3lnie dla sprawy realizuje projekt dla szk\u00f3\u0142 i przedszkoli Wellbefi Zdalny Psycholog, kt\u00f3ry umo\u017cliwia uczniom, rodzicom i nauczycielom dost\u0119p do bezp\u0142atnych konsultacji psychologicznych online oraz Live Sesji na tematy zwi\u0105zane z dobrostanem psychicznym.&#8221;<\/i><\/div>\n<p>[\/vc_column_text][\/vc_column][\/vc_row]<\/p>\n<\/div>","protected":false},"excerpt":{"rendered":"<p>Zach\u0119camy do udzia\u0142u w Live Sesji 2.12.2025r., godz.17.00!<\/p>\n","protected":false},"author":29,"featured_media":41992,"comment_status":"closed","ping_status":"open","sticky":false,"template":"","format":"standard","meta":{"footnotes":""},"categories":[2,3,47,5,43,40,42,45],"tags":[],"class_list":["post-42099","post","type-post","status-publish","format-standard","has-post-thumbnail","hentry","category-aktualnosci","category-biedronki","category-jezyki","category-misie","category-motylki","category-pszczolki","category-wiewiorki","category-zajaczki","clearfix"],"_links":{"self":[{"href":"https:\/\/przedszkole4.edu.wroclaw.pl\/index.php\/wp-json\/wp\/v2\/posts\/42099","targetHints":{"allow":["GET"]}}],"collection":[{"href":"https:\/\/przedszkole4.edu.wroclaw.pl\/index.php\/wp-json\/wp\/v2\/posts"}],"about":[{"href":"https:\/\/przedszkole4.edu.wroclaw.pl\/index.php\/wp-json\/wp\/v2\/types\/post"}],"author":[{"embeddable":true,"href":"https:\/\/przedszkole4.edu.wroclaw.pl\/index.php\/wp-json\/wp\/v2\/users\/29"}],"replies":[{"embeddable":true,"href":"https:\/\/przedszkole4.edu.wroclaw.pl\/index.php\/wp-json\/wp\/v2\/comments?post=42099"}],"version-history":[{"count":6,"href":"https:\/\/przedszkole4.edu.wroclaw.pl\/index.php\/wp-json\/wp\/v2\/posts\/42099\/revisions"}],"predecessor-version":[{"id":42463,"href":"https:\/\/przedszkole4.edu.wroclaw.pl\/index.php\/wp-json\/wp\/v2\/posts\/42099\/revisions\/42463"}],"wp:featuredmedia":[{"embeddable":true,"href":"https:\/\/przedszkole4.edu.wroclaw.pl\/index.php\/wp-json\/wp\/v2\/media\/41992"}],"wp:attachment":[{"href":"https:\/\/przedszkole4.edu.wroclaw.pl\/index.php\/wp-json\/wp\/v2\/media?parent=42099"}],"wp:term":[{"taxonomy":"category","embeddable":true,"href":"https:\/\/przedszkole4.edu.wroclaw.pl\/index.php\/wp-json\/wp\/v2\/categories?post=42099"},{"taxonomy":"post_tag","embeddable":true,"href":"https:\/\/przedszkole4.edu.wroclaw.pl\/index.php\/wp-json\/wp\/v2\/tags?post=42099"}],"curies":[{"name":"wp","href":"https:\/\/api.w.org\/{rel}","templated":true}]}}