
{"id":41028,"date":"2025-09-27T14:18:35","date_gmt":"2025-09-27T12:18:35","guid":{"rendered":"https:\/\/przedszkole4.edu.wroclaw.pl\/?p=41028"},"modified":"2025-09-28T15:53:12","modified_gmt":"2025-09-28T13:53:12","slug":"druga-edycja-projektu-edukacja-w-ruchu","status":"publish","type":"post","link":"https:\/\/przedszkole4.edu.wroclaw.pl\/index.php\/2025\/09\/27\/druga-edycja-projektu-edukacja-w-ruchu\/","title":{"rendered":"Projekt ,,Edukacja w ruchu&#8221;."},"content":{"rendered":"<div class=\"wpb-content-wrapper\"><p>[vc_row][vc_column][vc_column_text css=&#8221;&#8221;]Drodzy Rodzice Misi\u00f3w!\u00a0 Bierzemy udzia\u0142 projekcie!<\/p>\n<p>Projekt ,,Edukacja w ruchu&#8221; wspiera i urozmaica dzieciom proces nauki przedszkolnej i odpowiada na potrzeby dopasowania nauczania do r\u00f3\u017cnych styl\u00f3w uczenia si\u0119.<\/p>\n<p>Ju\u017c niebawem dzieci z naszej grupy rozpoczn\u0105 niezwyk\u0142e wyzwania, kt\u00f3re \u0142\u0105cz\u0105 \u015bwietn\u0105 zabaw\u0119 z solidn\u0105 dawk\u0105 wiedzy i ruchu. Przed nami rok pe\u0142en przyg\u00f3d, wsp\u00f3lnej zabawy i nowych mo\u017cliwo\u015bci. \u017byczymy fantastycznych wra\u017ce\u0144 z Akademi\u0105 Krokieta i Lamy:)))<\/p>\n<p>Relacje i zdj\u0119cia z realizacji projektu ,,Edukacja w ruchu&#8221; ogl\u0105da\u0107 b\u0119dzie mo\u017cna na stronie naszego przedszkola w zak\u0142adce Programy i Projekty, na grupowej stronie Misi\u00f3w oraz na Facebooku.\u00a0Do zobaczenia!<\/p>\n<p>Projekt realizowany jest we wsp\u00f3\u0142pracy z Fundacj\u0105 V4Sport, Akademi\u0105 Wychowania Fizycznego im. Polskich Olimpijczyk\u00f3w we Wroc\u0142awiu oraz Akademi\u0105 Krokieta i Lamy. Inicjatywa finansowana jest ze \u015brodk\u00f3w Gminy Wroc\u0142aw.<\/p>\n<p>#edukacjawruchu #edukacjawruchuWroclaw #PhysicallyActiveLearning<\/p>\n<p>@FundacjaV4Sport (Fundacja V4Sport)<\/p>\n<p>@awf.wroc (Akademia Wychowania Fizycznego we Wroc\u0142awiu)<\/p>\n<p>@AkademiaKrokietaiLamy (Akademia Krokieta i Lamy)<\/p>\n<p>@wroclaw.wroclove (Wroc\u0142aw [Wroclove])[\/vc_column_text][\/vc_column][\/vc_row]<\/p>\n<\/div>","protected":false},"excerpt":{"rendered":"<p>[vc_row][vc_column][vc_column_text css=&#8221;&#8221;]Drodzy Rodzice Misi\u00f3w!\u00a0 Bierzemy udzia\u0142 projekcie! Projekt ,,Edukacja w ruchu&#8221; wspiera i urozmaica dzieciom proces nauki przedszkolnej i odpowiada na potrzeby dopasowania nauczania do r\u00f3\u017cnych styl\u00f3w uczenia si\u0119. Ju\u017c [&hellip;]<\/p>\n","protected":false},"author":29,"featured_media":40957,"comment_status":"closed","ping_status":"open","sticky":false,"template":"","format":"standard","meta":{"footnotes":""},"categories":[5],"tags":[],"class_list":["post-41028","post","type-post","status-publish","format-standard","has-post-thumbnail","hentry","category-misie","clearfix"],"_links":{"self":[{"href":"https:\/\/przedszkole4.edu.wroclaw.pl\/index.php\/wp-json\/wp\/v2\/posts\/41028","targetHints":{"allow":["GET"]}}],"collection":[{"href":"https:\/\/przedszkole4.edu.wroclaw.pl\/index.php\/wp-json\/wp\/v2\/posts"}],"about":[{"href":"https:\/\/przedszkole4.edu.wroclaw.pl\/index.php\/wp-json\/wp\/v2\/types\/post"}],"author":[{"embeddable":true,"href":"https:\/\/przedszkole4.edu.wroclaw.pl\/index.php\/wp-json\/wp\/v2\/users\/29"}],"replies":[{"embeddable":true,"href":"https:\/\/przedszkole4.edu.wroclaw.pl\/index.php\/wp-json\/wp\/v2\/comments?post=41028"}],"version-history":[{"count":13,"href":"https:\/\/przedszkole4.edu.wroclaw.pl\/index.php\/wp-json\/wp\/v2\/posts\/41028\/revisions"}],"predecessor-version":[{"id":41046,"href":"https:\/\/przedszkole4.edu.wroclaw.pl\/index.php\/wp-json\/wp\/v2\/posts\/41028\/revisions\/41046"}],"wp:featuredmedia":[{"embeddable":true,"href":"https:\/\/przedszkole4.edu.wroclaw.pl\/index.php\/wp-json\/wp\/v2\/media\/40957"}],"wp:attachment":[{"href":"https:\/\/przedszkole4.edu.wroclaw.pl\/index.php\/wp-json\/wp\/v2\/media?parent=41028"}],"wp:term":[{"taxonomy":"category","embeddable":true,"href":"https:\/\/przedszkole4.edu.wroclaw.pl\/index.php\/wp-json\/wp\/v2\/categories?post=41028"},{"taxonomy":"post_tag","embeddable":true,"href":"https:\/\/przedszkole4.edu.wroclaw.pl\/index.php\/wp-json\/wp\/v2\/tags?post=41028"}],"curies":[{"name":"wp","href":"https:\/\/api.w.org\/{rel}","templated":true}]}}