
{"id":40798,"date":"2025-09-02T20:29:02","date_gmt":"2025-09-02T18:29:02","guid":{"rendered":"https:\/\/przedszkole4.edu.wroclaw.pl\/?p=40798"},"modified":"2025-09-02T22:34:49","modified_gmt":"2025-09-02T20:34:49","slug":"40798","status":"publish","type":"post","link":"https:\/\/przedszkole4.edu.wroclaw.pl\/index.php\/2025\/09\/02\/40798\/","title":{"rendered":"ZEBRANIE ORGANIZACYJNE W GRUPIE IV A"},"content":{"rendered":"<div class=\"wpb-content-wrapper\"><p>[vc_row][vc_column][vc_column_text css=&#8221;&#8221;]ZAPRASZAMY WSZYSTKICH RODZIC\u00d3W NA SPOTKANIE ORGANIZACYJNE, KT\u00d3RE ODB\u0118DZIE SI\u0118 <span style=\"color: #ff0000\">11.09. 2025 R. (CZWARTEK)<\/span> O GODZ. <span style=\"color: #ff0000\">15.30 <\/span>W BUDYNKU A, W NASZEJ SALI.[\/vc_column_text][\/vc_column][\/vc_row]<\/p>\n<\/div>","protected":false},"excerpt":{"rendered":"<p>[vc_row][vc_column][vc_column_text css=&#8221;&#8221;]ZAPRASZAMY WSZYSTKICH RODZIC\u00d3W NA SPOTKANIE ORGANIZACYJNE, KT\u00d3RE ODB\u0118DZIE SI\u0118 11.09. 2025 R. (CZWARTEK) O GODZ. 15.30 W BUDYNKU A, W NASZEJ SALI.[\/vc_column_text][\/vc_column][\/vc_row]<\/p>\n","protected":false},"author":28,"featured_media":32791,"comment_status":"closed","ping_status":"open","sticky":false,"template":"","format":"standard","meta":{"footnotes":""},"categories":[42],"tags":[],"class_list":["post-40798","post","type-post","status-publish","format-standard","has-post-thumbnail","hentry","category-wiewiorki","clearfix"],"_links":{"self":[{"href":"https:\/\/przedszkole4.edu.wroclaw.pl\/index.php\/wp-json\/wp\/v2\/posts\/40798","targetHints":{"allow":["GET"]}}],"collection":[{"href":"https:\/\/przedszkole4.edu.wroclaw.pl\/index.php\/wp-json\/wp\/v2\/posts"}],"about":[{"href":"https:\/\/przedszkole4.edu.wroclaw.pl\/index.php\/wp-json\/wp\/v2\/types\/post"}],"author":[{"embeddable":true,"href":"https:\/\/przedszkole4.edu.wroclaw.pl\/index.php\/wp-json\/wp\/v2\/users\/28"}],"replies":[{"embeddable":true,"href":"https:\/\/przedszkole4.edu.wroclaw.pl\/index.php\/wp-json\/wp\/v2\/comments?post=40798"}],"version-history":[{"count":3,"href":"https:\/\/przedszkole4.edu.wroclaw.pl\/index.php\/wp-json\/wp\/v2\/posts\/40798\/revisions"}],"predecessor-version":[{"id":40813,"href":"https:\/\/przedszkole4.edu.wroclaw.pl\/index.php\/wp-json\/wp\/v2\/posts\/40798\/revisions\/40813"}],"wp:featuredmedia":[{"embeddable":true,"href":"https:\/\/przedszkole4.edu.wroclaw.pl\/index.php\/wp-json\/wp\/v2\/media\/32791"}],"wp:attachment":[{"href":"https:\/\/przedszkole4.edu.wroclaw.pl\/index.php\/wp-json\/wp\/v2\/media?parent=40798"}],"wp:term":[{"taxonomy":"category","embeddable":true,"href":"https:\/\/przedszkole4.edu.wroclaw.pl\/index.php\/wp-json\/wp\/v2\/categories?post=40798"},{"taxonomy":"post_tag","embeddable":true,"href":"https:\/\/przedszkole4.edu.wroclaw.pl\/index.php\/wp-json\/wp\/v2\/tags?post=40798"}],"curies":[{"name":"wp","href":"https:\/\/api.w.org\/{rel}","templated":true}]}}